{"id":13249,"date":"2024-05-22T10:03:22","date_gmt":"2024-05-22T08:03:22","guid":{"rendered":"https:\/\/www.gima-ziegel.de\/?p=13249"},"modified":"2025-03-21T09:03:25","modified_gmt":"2025-03-21T08:03:25","slug":"recyclingklinker","status":"publish","type":"post","link":"https:\/\/www.gima-ziegel.de\/de\/recyclingklinker\/","title":{"rendered":"Innovationspreis"},"content":{"rendered":"<p>Zum 16. Mal lobten die renommierte Architektur-Fachzeitschrift AIT und AIT-Dialog anl\u00e4sslich der BAU in Kooperation mit der Messe M\u00fcnchen GmbH den Innovationspreis Architektur+ Bauwesen aus. Wir freuen uns sehr, dass wir mit unserer Kooperation mit HOFMANN NATURSTEIN die Jury \u00fcberzeugen konnten und der Naturstein-Recycling-Klinker mit dem Innovationspreis 2025 ausgezeichnet wurde.<\/p>\n<p>&nbsp;<\/p>\n","protected":false},"excerpt":{"rendered":"<p>Zum 16. Mal lobten die renommierte Architektur-Fachzeitschrift AIT und AIT-Dialog anl\u00e4sslich der BAU in Kooperation mit der Messe M\u00fcnchen GmbH den Innovationspreis Architektur+ Bauwesen aus. Wir freuen uns sehr, dass wir mit unserer Kooperation mit HOFMANN NATURSTEIN die Jury \u00fcberzeugen konnten und der Naturstein-Recycling-Klinker mit dem Innovationspreis 2025 ausgezeichnet wurde.<\/p>\n","protected":false},"author":3,"featured_media":13258,"comment_status":"open","ping_status":"open","sticky":false,"template":"","format":"standard","meta":{"_acf_changed":false,"footnotes":""},"categories":[1],"tags":[],"class_list":["post-13249","post","type-post","status-publish","format-standard","has-post-thumbnail","hentry","category-unkategorisiert"],"acf":[],"yoast_head":"<!-- This site is optimized with the Yoast SEO plugin v27.5 - https:\/\/yoast.com\/product\/yoast-seo-wordpress\/ -->\n<title>GIMA - Qualit\u00e4t aus Ton - Innovationspreis<\/title>\n<meta name=\"description\" content=\"Mit unserem Recyclingklinker, der aus Klinkerbruch, \u00fcberz\u00e4hligen Klinkern oder sortenrein r\u00fcckgebauten Klinkersteinen bestehen kann, leisten wir einen Beitrag zum zirkul\u00e4ren Bauen. Dar\u00fcber hinaus werden auch Sekund\u00e4rrohstoffe verarbeitet. Eine neue Variante mit S\u00e4geschlamm der Firma Hofmann Naturstein pr\u00e4sentieren wir nun exemplarisch in sechs Farbvarianten.\" \/>\n<meta name=\"robots\" content=\"index, follow, max-snippet:-1, max-image-preview:large, max-video-preview:-1\" \/>\n<link rel=\"canonical\" href=\"https:\/\/www.gima-ziegel.de\/de\/recyclingklinker\/\" \/>\n<meta property=\"og:locale\" content=\"de_DE\" \/>\n<meta property=\"og:type\" content=\"article\" \/>\n<meta property=\"og:title\" content=\"GIMA - Qualit\u00e4t aus Ton - Innovationspreis\" \/>\n<meta property=\"og:description\" content=\"Mit unserem Recyclingklinker, der aus Klinkerbruch, \u00fcberz\u00e4hligen Klinkern oder sortenrein r\u00fcckgebauten Klinkersteinen bestehen kann, leisten wir einen Beitrag zum zirkul\u00e4ren Bauen. Dar\u00fcber hinaus werden auch Sekund\u00e4rrohstoffe verarbeitet. Eine neue Variante mit S\u00e4geschlamm der Firma Hofmann Naturstein pr\u00e4sentieren wir nun exemplarisch in sechs Farbvarianten.\" \/>\n<meta property=\"og:url\" content=\"https:\/\/www.gima-ziegel.de\/de\/recyclingklinker\/\" \/>\n<meta property=\"og:site_name\" content=\"Gima\" \/>\n<meta property=\"article:published_time\" content=\"2024-05-22T08:03:22+00:00\" \/>\n<meta property=\"article:modified_time\" content=\"2025-03-21T08:03:25+00:00\" \/>\n<meta property=\"og:image\" content=\"https:\/\/www.gima-ziegel.de\/wp-content\/uploads\/0502-GIMA-I-PFEILE45647-_Alexander-Bernhard-scaled.jpg\" \/>\n\t<meta property=\"og:image:width\" content=\"2560\" \/>\n\t<meta property=\"og:image:height\" content=\"2560\" \/>\n\t<meta property=\"og:image:type\" content=\"image\/jpeg\" \/>\n<meta name=\"author\" content=\"Gima\" \/>\n<meta name=\"twitter:card\" content=\"summary_large_image\" \/>\n<meta name=\"twitter:label1\" content=\"Verfasst von\" \/>\n\t<meta name=\"twitter:data1\" content=\"Gima\" \/>\n\t<meta name=\"twitter:label2\" content=\"Gesch\u00e4tzte Lesezeit\" \/>\n\t<meta name=\"twitter:data2\" content=\"1\u00a0Minute\" \/>\n<script type=\"application\/ld+json\" class=\"yoast-schema-graph\">{\"@context\":\"https:\\\/\\\/schema.org\",\"@graph\":[{\"@type\":\"Article\",\"@id\":\"https:\\\/\\\/www.gima-ziegel.de\\\/de\\\/recyclingklinker\\\/#article\",\"isPartOf\":{\"@id\":\"https:\\\/\\\/www.gima-ziegel.de\\\/de\\\/recyclingklinker\\\/\"},\"author\":{\"name\":\"Gima\",\"@id\":\"https:\\\/\\\/www.gima-ziegel.de\\\/en\\\/#\\\/schema\\\/person\\\/cfb171b408508a8a7ed6d87c178b782b\"},\"headline\":\"Innovationspreis\",\"datePublished\":\"2024-05-22T08:03:22+00:00\",\"dateModified\":\"2025-03-21T08:03:25+00:00\",\"mainEntityOfPage\":{\"@id\":\"https:\\\/\\\/www.gima-ziegel.de\\\/de\\\/recyclingklinker\\\/\"},\"wordCount\":52,\"commentCount\":0,\"image\":{\"@id\":\"https:\\\/\\\/www.gima-ziegel.de\\\/de\\\/recyclingklinker\\\/#primaryimage\"},\"thumbnailUrl\":\"https:\\\/\\\/www.gima-ziegel.de\\\/wp-content\\\/uploads\\\/0502-GIMA-I-PFEILE45647-_Alexander-Bernhard-scaled.jpg\",\"articleSection\":[\"Unkategorisiert\"],\"inLanguage\":\"de\",\"potentialAction\":[{\"@type\":\"CommentAction\",\"name\":\"Comment\",\"target\":[\"https:\\\/\\\/www.gima-ziegel.de\\\/de\\\/recyclingklinker\\\/#respond\"]}]},{\"@type\":\"WebPage\",\"@id\":\"https:\\\/\\\/www.gima-ziegel.de\\\/de\\\/recyclingklinker\\\/\",\"url\":\"https:\\\/\\\/www.gima-ziegel.de\\\/de\\\/recyclingklinker\\\/\",\"name\":\"GIMA - Qualit\u00e4t aus Ton - Innovationspreis\",\"isPartOf\":{\"@id\":\"https:\\\/\\\/www.gima-ziegel.de\\\/en\\\/#website\"},\"primaryImageOfPage\":{\"@id\":\"https:\\\/\\\/www.gima-ziegel.de\\\/de\\\/recyclingklinker\\\/#primaryimage\"},\"image\":{\"@id\":\"https:\\\/\\\/www.gima-ziegel.de\\\/de\\\/recyclingklinker\\\/#primaryimage\"},\"thumbnailUrl\":\"https:\\\/\\\/www.gima-ziegel.de\\\/wp-content\\\/uploads\\\/0502-GIMA-I-PFEILE45647-_Alexander-Bernhard-scaled.jpg\",\"datePublished\":\"2024-05-22T08:03:22+00:00\",\"dateModified\":\"2025-03-21T08:03:25+00:00\",\"author\":{\"@id\":\"https:\\\/\\\/www.gima-ziegel.de\\\/en\\\/#\\\/schema\\\/person\\\/cfb171b408508a8a7ed6d87c178b782b\"},\"description\":\"Mit unserem Recyclingklinker, der aus Klinkerbruch, \u00fcberz\u00e4hligen Klinkern oder sortenrein r\u00fcckgebauten Klinkersteinen bestehen kann, leisten wir einen Beitrag zum zirkul\u00e4ren Bauen. Dar\u00fcber hinaus werden auch Sekund\u00e4rrohstoffe verarbeitet. Eine neue Variante mit S\u00e4geschlamm der Firma Hofmann Naturstein pr\u00e4sentieren wir nun exemplarisch in sechs Farbvarianten.\",\"breadcrumb\":{\"@id\":\"https:\\\/\\\/www.gima-ziegel.de\\\/de\\\/recyclingklinker\\\/#breadcrumb\"},\"inLanguage\":\"de\",\"potentialAction\":[{\"@type\":\"ReadAction\",\"target\":[\"https:\\\/\\\/www.gima-ziegel.de\\\/de\\\/recyclingklinker\\\/\"]}]},{\"@type\":\"ImageObject\",\"inLanguage\":\"de\",\"@id\":\"https:\\\/\\\/www.gima-ziegel.de\\\/de\\\/recyclingklinker\\\/#primaryimage\",\"url\":\"https:\\\/\\\/www.gima-ziegel.de\\\/wp-content\\\/uploads\\\/0502-GIMA-I-PFEILE45647-_Alexander-Bernhard-scaled.jpg\",\"contentUrl\":\"https:\\\/\\\/www.gima-ziegel.de\\\/wp-content\\\/uploads\\\/0502-GIMA-I-PFEILE45647-_Alexander-Bernhard-scaled.jpg\",\"width\":2560,\"height\":2560,\"caption\":\"Recyclingklinker | Alexander Bernhard\"},{\"@type\":\"BreadcrumbList\",\"@id\":\"https:\\\/\\\/www.gima-ziegel.de\\\/de\\\/recyclingklinker\\\/#breadcrumb\",\"itemListElement\":[{\"@type\":\"ListItem\",\"position\":1,\"name\":\"Startseite\",\"item\":\"https:\\\/\\\/www.gima-ziegel.de\\\/de\\\/\"},{\"@type\":\"ListItem\",\"position\":2,\"name\":\"Innovationspreis\"}]},{\"@type\":\"WebSite\",\"@id\":\"https:\\\/\\\/www.gima-ziegel.de\\\/en\\\/#website\",\"url\":\"https:\\\/\\\/www.gima-ziegel.de\\\/en\\\/\",\"name\":\"Gima\",\"description\":\"Qualit\u00e4t aus Ton\",\"potentialAction\":[{\"@type\":\"SearchAction\",\"target\":{\"@type\":\"EntryPoint\",\"urlTemplate\":\"https:\\\/\\\/www.gima-ziegel.de\\\/en\\\/?s={search_term_string}\"},\"query-input\":{\"@type\":\"PropertyValueSpecification\",\"valueRequired\":true,\"valueName\":\"search_term_string\"}}],\"inLanguage\":\"de\"},{\"@type\":\"Person\",\"@id\":\"https:\\\/\\\/www.gima-ziegel.de\\\/en\\\/#\\\/schema\\\/person\\\/cfb171b408508a8a7ed6d87c178b782b\",\"name\":\"Gima\",\"url\":\"https:\\\/\\\/www.gima-ziegel.de\\\/de\\\/author\\\/gima\\\/\"}]}<\/script>\n<!-- \/ Yoast SEO plugin. -->","yoast_head_json":{"title":"GIMA - Qualit\u00e4t aus Ton - Innovationspreis","description":"Mit unserem Recyclingklinker, der aus Klinkerbruch, \u00fcberz\u00e4hligen Klinkern oder sortenrein r\u00fcckgebauten Klinkersteinen bestehen kann, leisten wir einen Beitrag zum zirkul\u00e4ren Bauen. Dar\u00fcber hinaus werden auch Sekund\u00e4rrohstoffe verarbeitet. Eine neue Variante mit S\u00e4geschlamm der Firma Hofmann Naturstein pr\u00e4sentieren wir nun exemplarisch in sechs Farbvarianten.","robots":{"index":"index","follow":"follow","max-snippet":"max-snippet:-1","max-image-preview":"max-image-preview:large","max-video-preview":"max-video-preview:-1"},"canonical":"https:\/\/www.gima-ziegel.de\/de\/recyclingklinker\/","og_locale":"de_DE","og_type":"article","og_title":"GIMA - Qualit\u00e4t aus Ton - Innovationspreis","og_description":"Mit unserem Recyclingklinker, der aus Klinkerbruch, \u00fcberz\u00e4hligen Klinkern oder sortenrein r\u00fcckgebauten Klinkersteinen bestehen kann, leisten wir einen Beitrag zum zirkul\u00e4ren Bauen. Dar\u00fcber hinaus werden auch Sekund\u00e4rrohstoffe verarbeitet. Eine neue Variante mit S\u00e4geschlamm der Firma Hofmann Naturstein pr\u00e4sentieren wir nun exemplarisch in sechs Farbvarianten.","og_url":"https:\/\/www.gima-ziegel.de\/de\/recyclingklinker\/","og_site_name":"Gima","article_published_time":"2024-05-22T08:03:22+00:00","article_modified_time":"2025-03-21T08:03:25+00:00","og_image":[{"width":2560,"height":2560,"url":"https:\/\/www.gima-ziegel.de\/wp-content\/uploads\/0502-GIMA-I-PFEILE45647-_Alexander-Bernhard-scaled.jpg","type":"image\/jpeg"}],"author":"Gima","twitter_card":"summary_large_image","twitter_misc":{"Verfasst von":"Gima","Gesch\u00e4tzte Lesezeit":"1\u00a0Minute"},"schema":{"@context":"https:\/\/schema.org","@graph":[{"@type":"Article","@id":"https:\/\/www.gima-ziegel.de\/de\/recyclingklinker\/#article","isPartOf":{"@id":"https:\/\/www.gima-ziegel.de\/de\/recyclingklinker\/"},"author":{"name":"Gima","@id":"https:\/\/www.gima-ziegel.de\/en\/#\/schema\/person\/cfb171b408508a8a7ed6d87c178b782b"},"headline":"Innovationspreis","datePublished":"2024-05-22T08:03:22+00:00","dateModified":"2025-03-21T08:03:25+00:00","mainEntityOfPage":{"@id":"https:\/\/www.gima-ziegel.de\/de\/recyclingklinker\/"},"wordCount":52,"commentCount":0,"image":{"@id":"https:\/\/www.gima-ziegel.de\/de\/recyclingklinker\/#primaryimage"},"thumbnailUrl":"https:\/\/www.gima-ziegel.de\/wp-content\/uploads\/0502-GIMA-I-PFEILE45647-_Alexander-Bernhard-scaled.jpg","articleSection":["Unkategorisiert"],"inLanguage":"de","potentialAction":[{"@type":"CommentAction","name":"Comment","target":["https:\/\/www.gima-ziegel.de\/de\/recyclingklinker\/#respond"]}]},{"@type":"WebPage","@id":"https:\/\/www.gima-ziegel.de\/de\/recyclingklinker\/","url":"https:\/\/www.gima-ziegel.de\/de\/recyclingklinker\/","name":"GIMA - Qualit\u00e4t aus Ton - Innovationspreis","isPartOf":{"@id":"https:\/\/www.gima-ziegel.de\/en\/#website"},"primaryImageOfPage":{"@id":"https:\/\/www.gima-ziegel.de\/de\/recyclingklinker\/#primaryimage"},"image":{"@id":"https:\/\/www.gima-ziegel.de\/de\/recyclingklinker\/#primaryimage"},"thumbnailUrl":"https:\/\/www.gima-ziegel.de\/wp-content\/uploads\/0502-GIMA-I-PFEILE45647-_Alexander-Bernhard-scaled.jpg","datePublished":"2024-05-22T08:03:22+00:00","dateModified":"2025-03-21T08:03:25+00:00","author":{"@id":"https:\/\/www.gima-ziegel.de\/en\/#\/schema\/person\/cfb171b408508a8a7ed6d87c178b782b"},"description":"Mit unserem Recyclingklinker, der aus Klinkerbruch, \u00fcberz\u00e4hligen Klinkern oder sortenrein r\u00fcckgebauten Klinkersteinen bestehen kann, leisten wir einen Beitrag zum zirkul\u00e4ren Bauen. Dar\u00fcber hinaus werden auch Sekund\u00e4rrohstoffe verarbeitet. Eine neue Variante mit S\u00e4geschlamm der Firma Hofmann Naturstein pr\u00e4sentieren wir nun exemplarisch in sechs Farbvarianten.","breadcrumb":{"@id":"https:\/\/www.gima-ziegel.de\/de\/recyclingklinker\/#breadcrumb"},"inLanguage":"de","potentialAction":[{"@type":"ReadAction","target":["https:\/\/www.gima-ziegel.de\/de\/recyclingklinker\/"]}]},{"@type":"ImageObject","inLanguage":"de","@id":"https:\/\/www.gima-ziegel.de\/de\/recyclingklinker\/#primaryimage","url":"https:\/\/www.gima-ziegel.de\/wp-content\/uploads\/0502-GIMA-I-PFEILE45647-_Alexander-Bernhard-scaled.jpg","contentUrl":"https:\/\/www.gima-ziegel.de\/wp-content\/uploads\/0502-GIMA-I-PFEILE45647-_Alexander-Bernhard-scaled.jpg","width":2560,"height":2560,"caption":"Recyclingklinker | Alexander Bernhard"},{"@type":"BreadcrumbList","@id":"https:\/\/www.gima-ziegel.de\/de\/recyclingklinker\/#breadcrumb","itemListElement":[{"@type":"ListItem","position":1,"name":"Startseite","item":"https:\/\/www.gima-ziegel.de\/de\/"},{"@type":"ListItem","position":2,"name":"Innovationspreis"}]},{"@type":"WebSite","@id":"https:\/\/www.gima-ziegel.de\/en\/#website","url":"https:\/\/www.gima-ziegel.de\/en\/","name":"Gima","description":"Qualit\u00e4t aus Ton","potentialAction":[{"@type":"SearchAction","target":{"@type":"EntryPoint","urlTemplate":"https:\/\/www.gima-ziegel.de\/en\/?s={search_term_string}"},"query-input":{"@type":"PropertyValueSpecification","valueRequired":true,"valueName":"search_term_string"}}],"inLanguage":"de"},{"@type":"Person","@id":"https:\/\/www.gima-ziegel.de\/en\/#\/schema\/person\/cfb171b408508a8a7ed6d87c178b782b","name":"Gima","url":"https:\/\/www.gima-ziegel.de\/de\/author\/gima\/"}]}},"_links":{"self":[{"href":"https:\/\/www.gima-ziegel.de\/de\/wp-json\/wp\/v2\/posts\/13249","targetHints":{"allow":["GET"]}}],"collection":[{"href":"https:\/\/www.gima-ziegel.de\/de\/wp-json\/wp\/v2\/posts"}],"about":[{"href":"https:\/\/www.gima-ziegel.de\/de\/wp-json\/wp\/v2\/types\/post"}],"author":[{"embeddable":true,"href":"https:\/\/www.gima-ziegel.de\/de\/wp-json\/wp\/v2\/users\/3"}],"replies":[{"embeddable":true,"href":"https:\/\/www.gima-ziegel.de\/de\/wp-json\/wp\/v2\/comments?post=13249"}],"version-history":[{"count":4,"href":"https:\/\/www.gima-ziegel.de\/de\/wp-json\/wp\/v2\/posts\/13249\/revisions"}],"predecessor-version":[{"id":14387,"href":"https:\/\/www.gima-ziegel.de\/de\/wp-json\/wp\/v2\/posts\/13249\/revisions\/14387"}],"wp:featuredmedia":[{"embeddable":true,"href":"https:\/\/www.gima-ziegel.de\/de\/wp-json\/wp\/v2\/media\/13258"}],"wp:attachment":[{"href":"https:\/\/www.gima-ziegel.de\/de\/wp-json\/wp\/v2\/media?parent=13249"}],"wp:term":[{"taxonomy":"category","embeddable":true,"href":"https:\/\/www.gima-ziegel.de\/de\/wp-json\/wp\/v2\/categories?post=13249"},{"taxonomy":"post_tag","embeddable":true,"href":"https:\/\/www.gima-ziegel.de\/de\/wp-json\/wp\/v2\/tags?post=13249"}],"curies":[{"name":"wp","href":"https:\/\/api.w.org\/{rel}","templated":true}]}}